{"id":7575,"date":"2023-12-04T18:22:31","date_gmt":"2023-12-04T18:22:31","guid":{"rendered":"https:\/\/edicionesmasqueoca.com\/diarios\/?p=7575"},"modified":"2023-12-04T18:22:32","modified_gmt":"2023-12-04T18:22:32","slug":"actualizacion-3-sobre-los-stretch-goals-los-generales-en-detalle","status":"publish","type":"post","link":"https:\/\/edicionesmasqueoca.com\/diarios\/2023\/12\/04\/actualizacion-3-sobre-los-stretch-goals-los-generales-en-detalle\/","title":{"rendered":"Actualizaci\u00f3n #3: Sobre los Stretch Goals. Los Generales en detalle"},"content":{"rendered":"\n<p>\u00a1Saludos, Comandante!<\/p>\n\n\n\n<p>El primer Stretch Goal ha sido desbloqueado y, gracias a ello, podremos incluir 4 nuevas cartas de General as\u00ed como sus propios marcadores asociados.<\/p>\n\n\n\n<figure class=\"wp-block-image size-full is-resized\"><img fetchpriority=\"high\" decoding=\"async\" width=\"594\" height=\"417\" src=\"https:\/\/edicionesmasqueoca.com\/diarios\/wp-content\/uploads\/2023\/12\/9343c9460f72d4f267c56532cd35202b_original.jpg\" alt=\"\" class=\"wp-image-7576\" style=\"width:840px;height:auto\" srcset=\"https:\/\/edicionesmasqueoca.com\/diarios\/wp-content\/uploads\/2023\/12\/9343c9460f72d4f267c56532cd35202b_original.jpg 594w, https:\/\/edicionesmasqueoca.com\/diarios\/wp-content\/uploads\/2023\/12\/9343c9460f72d4f267c56532cd35202b_original-300x211.jpg 300w\" sizes=\"(max-width: 594px) 100vw, 594px\" \/><\/figure>\n\n\n\n<p><br>El siguiente SG a desbloquear est\u00e1 muy cerca, \u00a1a menos de 3.000$ de conseguirse! Los peones de batalla ser\u00e1n sustituidos por cilindros de madera, cada uno de los cuales llevar\u00e1 estampada una imagen representativa de su bando.<\/p>\n\n\n\n<p>Despu\u00e9s podremos encontrar m\u00e1s cartas generales, directivas pol\u00edticas, directivas de producci\u00f3n, etc. En total, si conseguimos desbloquear todos los objetivos previstos, podremos a\u00f1adir unas 30 cartas adicionales que, en un principio, se eliminaron por motivos de coste de producci\u00f3n (estaba previsto publicar el juego en una edici\u00f3n multiling\u00fce ingl\u00e9s\/espa\u00f1ol).<\/p>\n\n\n\n<p>Ahora es el momento perfecto para hablar en detalle de uno de los elementos principales del juego:<\/p>\n\n\n\n<p><strong>LOS GENERALES<\/strong><\/p>\n\n\n\n<p>Una de las principales novedades de <em>El otro lado de la colina<\/em> como juego estrat\u00e9gico es la incorporaci\u00f3n de la influencia de los altos mandos en el desarrollo de la guerra. Esta influencia no s\u00f3lo se incorpora al dise\u00f1o, sino que deviene en un elemento central e integral. Las 54 cartas de generales incluidas en el juego reflejan las habilidades t\u00e1cticas y operacionales de los generales alemanes que ostentaron mandos de Ej\u00e9rcito o Grupo de Ej\u00e9rcito en la Wehrmacht entre 1939 y 1944, procurando que su influjo en el juego sea coherente con la literatura sobre cada general y con el desempe\u00f1o de las unidades que comand\u00f3 durante la guerra.<\/p>\n\n\n\n<p>En el juego, cada General est\u00e1 representado por una carta y un marcador. El marcador se despliega en el mapa cuando el General tiene un mando de Grupo de Ej\u00e9rcitos u OB (Jefe de un Frente) y la carta resume las caracter\u00edsticas del General:<\/p>\n\n\n\n<figure class=\"wp-block-image size-full is-resized\"><img decoding=\"async\" width=\"320\" height=\"78\" src=\"https:\/\/edicionesmasqueoca.com\/diarios\/wp-content\/uploads\/2023\/12\/marcador-tipo.png\" alt=\"\" class=\"wp-image-7578\" style=\"width:840px;height:auto\" srcset=\"https:\/\/edicionesmasqueoca.com\/diarios\/wp-content\/uploads\/2023\/12\/marcador-tipo.png 320w, https:\/\/edicionesmasqueoca.com\/diarios\/wp-content\/uploads\/2023\/12\/marcador-tipo-300x73.png 300w\" sizes=\"(max-width: 320px) 100vw, 320px\" \/><\/figure>\n\n\n\n<figure class=\"wp-block-image size-full is-resized\"><img decoding=\"async\" width=\"640\" height=\"379\" src=\"https:\/\/edicionesmasqueoca.com\/diarios\/wp-content\/uploads\/2023\/12\/carta-tipo.png\" alt=\"\" class=\"wp-image-7577\" style=\"width:840px;height:auto\" srcset=\"https:\/\/edicionesmasqueoca.com\/diarios\/wp-content\/uploads\/2023\/12\/carta-tipo.png 640w, https:\/\/edicionesmasqueoca.com\/diarios\/wp-content\/uploads\/2023\/12\/carta-tipo-300x178.png 300w\" sizes=\"(max-width: 640px) 100vw, 640px\" \/><\/figure>\n\n\n\n<p>En el caso de Reichenau, su carta incluye la siguiente informaci\u00f3n:<\/p>\n\n\n\n<p><strong>Nombre e imagen<\/strong>, que identifican al general.<\/p>\n\n\n\n<p><strong>A\u00f1o de entrada<\/strong>, que indica el a\u00f1o en que la carta del general se incorpora al juego.<\/p>\n\n\n\n<p><strong>Factor de antig\u00fcedad<\/strong>, que es el valor que se usa para cubrir los mandos de grupo de ej\u00e9rcito y de jefe de un frente (OB) y para elegir al General en vanguardia en las batallas. Cuanto m\u00e1s alto sea el factor de antig\u00fcedad de un general, m\u00e1s f\u00e1cilmente se le podr\u00e1 asignar un mando y podr\u00e1 intervenir en batallas. A medida que los generales m\u00e1s antiguos son destituidos o retirados del juego, otros generales menos antiguos empezar\u00e1n a hacerse cargo de los mandos y a intervenir en las batallas.<\/p>\n\n\n\n<p><strong>Factor de confianza<\/strong>, que indica el grado de confianza que el general inspiraba en el OKW. Cuando un general fracasa, ya sea como mando en una batalla o porque no se consiguen los objetivos de las ofensivas en las que participa su grupo de ej\u00e9rcitos, ese general pasa a estar cuestionado (su marcador se gira a la cara opuesta). En el segmento de Mando se tira un dado por cada general cuestionado. Si la tirada es superior a su factor de Confianza, el general el destituido. Si es inferior, el general mantiene su puesto. Si el resultado coincide con el factor de Antig\u00fcedad, el general conserva su mando pero se convierte en Opositor al r\u00e9gimen. Cuanto m\u00e1s alto sea el valor de Confianza, m\u00e1s probable ser\u00e1 que el general sobreviva a las crisis que atraviese su mando.<\/p>\n\n\n\n<p><strong>Grupo de inter\u00e9s<\/strong>, que indica con cu\u00e1l de los cuatro grupos de Inter\u00e9s en el juego se identifica m\u00e1s el general: la Vieja Guardia, los Profesionales, los Simpatizantes del r\u00e9gimen o los Opositores. Los cuatro Grupos de Inter\u00e9s coinciden con cuatro de las cinco cartas de Objetivos secretos que se asignan a los jugadores cuando se produce la Reestructuraci\u00f3n del mando, en alg\u00fan momento de 1941, y otorgan una bonificaci\u00f3n importante de puntos de Prestigio en la medida en que la situaci\u00f3n al final de la guerra se ajusta a los intereses de esos grupos. El siguiente diario de dise\u00f1o tratar\u00e1 estos Grupos de inter\u00e9s con mayor amplitud.<\/p>\n\n\n\n<figure class=\"wp-block-image size-full is-resized\"><img loading=\"lazy\" decoding=\"async\" width=\"320\" height=\"66\" src=\"https:\/\/edicionesmasqueoca.com\/diarios\/wp-content\/uploads\/2023\/12\/Grupos-de-inter-s.png\" alt=\"\" class=\"wp-image-7579\" style=\"width:840px;height:auto\" srcset=\"https:\/\/edicionesmasqueoca.com\/diarios\/wp-content\/uploads\/2023\/12\/Grupos-de-inter-s.png 320w, https:\/\/edicionesmasqueoca.com\/diarios\/wp-content\/uploads\/2023\/12\/Grupos-de-inter-s-300x62.png 300w\" sizes=\"(max-width: 320px) 100vw, 320px\" \/><\/figure>\n\n\n\n<p><strong>C\u00f3digo de despliegue<\/strong>, que indica los escenarios en los que esta carta comienza en juego y el color del jugador que lo controlar\u00e1. En el caso de Reichenau, sus s\u00edmbolos 1 y 2 con fondo celeste indican que est\u00e1 disponible al comienzo de los escenarios 12.1 (Armaged\u00f3n), 12.2 (El triunfo de la Blitzkrieg), 12.3 (Guerra Mundial) y 12.4 (El mundo aguanta la respiraci\u00f3n), seg\u00fan se indica en las reglas de despliegue para esos escenarios en el libro de juego. No estar\u00e1 disponible en los escenarios que comienzan a partir de 1942. El color significa que en todos los casos estar\u00e1 controlado por el jugador 4, en partidas de cuatro jugadores.<\/p>\n\n\n\n<p><strong>Regla espec\u00edfica de combate<\/strong>, que es la habilidad del general cuando interviene en combate, ya sea porque est\u00e1 involucrado en ella el Grupo de ej\u00e9rcito a su mando o porque es elegido como General en vanguardia para la batalla. Como se ha se\u00f1alado m\u00e1s arriba, esta habilidad refleja tanto las dotes que se atribuyen al general como el desempe\u00f1o hist\u00f3rico de las tropas que comand\u00f3 en la guerra. En el caso de Reichenau, su regla espec\u00edfica le permite volver a tirar un dado de la facci\u00f3n Aliada y quedarse con el segundo resultado.<\/p>\n\n\n\n<figure class=\"wp-block-image size-full is-resized\"><img loading=\"lazy\" decoding=\"async\" width=\"476\" height=\"137\" src=\"https:\/\/edicionesmasqueoca.com\/diarios\/wp-content\/uploads\/2023\/12\/combate.png\" alt=\"\" class=\"wp-image-7580\" style=\"width:840px;height:auto\" srcset=\"https:\/\/edicionesmasqueoca.com\/diarios\/wp-content\/uploads\/2023\/12\/combate.png 476w, https:\/\/edicionesmasqueoca.com\/diarios\/wp-content\/uploads\/2023\/12\/combate-300x86.png 300w\" sizes=\"(max-width: 476px) 100vw, 476px\" \/><\/figure>\n\n\n\n<p><strong>Claves de regla espec\u00edfica de batalla<\/strong>, que indican cu\u00e1ndo puede activarse la regla espec\u00edfica de batalla del general. En el caso de Reichenau, su regla espec\u00edfica de batalla puede activarse contra los Aliados occidentales y contra los Sovi\u00e9ticos, ya que incluye los s\u00edmbolos de ambas facciones. El segundo s\u00edmbolo indica que la regla espec\u00edfica de Reichenau s\u00f3lo puede activarse si el Eje es el atacante, pero se aplica en todo tipo de terreno. Otros generales tienen reglas espec\u00edficas que solamente se activan contra una de las facciones aliadas, o si el Eje es el defensor. Otras reglas que est\u00e1n limitadas por el tipo de terreno en que se libra la batalla, que puede ser llanura, abrupto, r\u00edo o fortaleza.<\/p>\n\n\n\n<figure class=\"wp-block-image size-full is-resized\"><img loading=\"lazy\" decoding=\"async\" width=\"234\" height=\"47\" src=\"https:\/\/edicionesmasqueoca.com\/diarios\/wp-content\/uploads\/2023\/12\/clave.png\" alt=\"\" class=\"wp-image-7581\" style=\"width:840px;height:auto\"\/><\/figure>\n\n\n\n<p>Es importante entender que un general pude ser propuesto y elegido para una batalla en la que su regla espec\u00edfica no puede activarse. Por ejemplo, Reichenau podr\u00eda ser el general en vanguardia de una batalla en la que el Eje es el defensor, incluso si se ha propuesto un general cuya habilidad s\u00ed puede activarse, siempre que el valor de antig\u00fcedad de este sea m\u00e1s bajo que el de Reichenau. Esto es as\u00ed porque el criterio para elegir mandos es el factor de antig\u00fcedad y no la idoneidad para el combate. Por tanto, un jugador puede proponer a un general que no contribuya nada a la batalla si cree que esta se presenta f\u00e1cil de ganar, para anotarse as\u00ed los puntos de Prestigio por la victoria. La historia est\u00e1 plagada de ejemplos en que los l\u00edderes en el frente no eran los m\u00e1s capaces o los m\u00e1s id\u00f3neos porque el mando recay\u00f3 sobre generales m\u00e1s antiguos o mejor posicionados pol\u00edticamente. Precisamente este tipo de distorsiones son las que intenta reflejar <em>El otro lado de la colina<\/em>.<\/p>\n\n\n\n<p><strong>Regla espec\u00edfica especial<\/strong>: algunos generales tienen reglas espec\u00edficas que limitan su elegibilidad o, como en el caso de Reichenau, se activan al comienzo de a\u00f1o. Hist\u00f3ricamente, Reichenau era un general muy identificado con la ideolog\u00eda del Tercer Reich, por lo que su carrera fue favorecida desde las m\u00e1s altas esferas. Esto se refleja concediendo 1 Punto de Prestigio al jugador que lo controle al comienzo de cada a\u00f1o.<\/p>\n\n\n\n<figure class=\"wp-block-image size-full is-resized\"><img loading=\"lazy\" decoding=\"async\" width=\"305\" height=\"77\" src=\"https:\/\/edicionesmasqueoca.com\/diarios\/wp-content\/uploads\/2023\/12\/Especial.png\" alt=\"\" class=\"wp-image-7583\" style=\"width:840px;height:auto\" srcset=\"https:\/\/edicionesmasqueoca.com\/diarios\/wp-content\/uploads\/2023\/12\/Especial.png 305w, https:\/\/edicionesmasqueoca.com\/diarios\/wp-content\/uploads\/2023\/12\/Especial-300x76.png 300w\" sizes=\"(max-width: 305px) 100vw, 305px\" \/><\/figure>\n\n\n\n<p>Algunos generales, como es el caso de Reichenau, tienen reglas de\u00a0<strong>Infortunio<\/strong>, que indican que son susceptibles de desaparecer del juego como consecuencia de enfermedades (Strauss), accidentes (von Schobert), heridas (Rommel), captura (Paulus) o muerte (el propio Reichenau muri\u00f3 de un infarto en 1941).<\/p>\n\n\n<div class=\"wp-block-image\">\n<figure class=\"aligncenter size-full\"><img loading=\"lazy\" decoding=\"async\" width=\"199\" height=\"38\" src=\"https:\/\/edicionesmasqueoca.com\/diarios\/wp-content\/uploads\/2023\/12\/infortunio.png\" alt=\"\" class=\"wp-image-7584\"\/><\/figure>\n<\/div>\n\n\n<p>Los generales van desapareciendo del juego si son destituidos, a causa de infortunios o como resultado de eventos, pero cada a\u00f1o se a\u00f1aden nuevos generales que se reparten entre los jugadores. En <em>El otro lado de la colina<\/em>, la gesti\u00f3n de las carreras de los generales y de los objetivos de los grupos de inter\u00e9s a los que pertenecen son claves a la hora de obtener la victoria en el modo de juego competitivo, que corresponder\u00e1 al jugador con el valor de Prestigio m\u00e1s alto al terminar la partida o el escenario.<\/p>\n\n\n\n<p>Por ahondar m\u00e1s en las reglas espec\u00edficas de combate, el general m\u00e1s efectivo en el juego seguramente es von Manstein, cuya habilidad espec\u00edfica de combate le permite cambiar el resultado de cualquier dado de combate, ya sea del Eje o Aliado, aunque s\u00f3lo en el Frente este. De este modo se simula el amplio consenso de que seguramente fue el mejor comandante alem\u00e1n de la Segunda Guerra Mundial (opini\u00f3n compartida por \u00e9l mismo en sus propias memorias), pero tambi\u00e9n el desempe\u00f1o extraordinario de las unidades que comand\u00f3 en los Estados B\u00e1lticos en 1941, en Crimea en 1942 o en J\u00e1rkov en 1943. Adem\u00e1s, se contempla la influencia que pod\u00eda haber tenido en el Frente este si se hubiera creado un puesto de Jefe del Frente (OB) y lo hubiera ocupado \u00e9l, cosa que nunca lleg\u00f3 a suceder hist\u00f3ricamente, aunque Manstein lo sugiriera repetidamente.<\/p>\n\n\n\n<figure class=\"wp-block-image size-full is-resized\"><img loading=\"lazy\" decoding=\"async\" width=\"700\" height=\"446\" src=\"https:\/\/edicionesmasqueoca.com\/diarios\/wp-content\/uploads\/2023\/12\/d87b0773690b5cd3598b7a0c0af18071_original.png\" alt=\"\" class=\"wp-image-7585\" style=\"width:840px;height:auto\" srcset=\"https:\/\/edicionesmasqueoca.com\/diarios\/wp-content\/uploads\/2023\/12\/d87b0773690b5cd3598b7a0c0af18071_original.png 700w, https:\/\/edicionesmasqueoca.com\/diarios\/wp-content\/uploads\/2023\/12\/d87b0773690b5cd3598b7a0c0af18071_original-300x191.png 300w\" sizes=\"(max-width: 700px) 100vw, 700px\" \/><\/figure>\n\n\n\n<p>La habilidad espec\u00edfica de Rommel, por poner otro ejemplo de otro general bien conocido, permite a un ej\u00e9rcito alem\u00e1n a su mando tirar el dado correspondiente a la calidad inmediatamente superior (un ej\u00e9rcito reducido combate como un ej\u00e9rcito regular y un ej\u00e9rcito regular combate como un ej\u00e9rcito panzer). Adem\u00e1s, Rommel es el \u00fanico General que puede usarse m\u00e1s de una vez en el mismo a\u00f1o, ya que el jugador que lo controle puede devolverlo al espacio \u00abGenerales disponibles\u00bb si no resulta derrotado en combate. Esto le permite cosechar Prestigio varias veces en el mismo a\u00f1o, siempre que obtenga victorias en \u00c1frica. En este caso se trata de habilidades restringidas a \u00c1frica, lo que refleja la relativa libertad con que pudo conducirse el Afrika Korps en comparaci\u00f3n con los otros contingentes de la Wehrmacht y la opini\u00f3n generalizada de que las dotes de Rommel se adaptaban mejor al mando de una divisi\u00f3n o un cuerpo que al de un ej\u00e9rcito o grupo de ej\u00e9rcito, cargos que ostent\u00f3 en la Europa continental a partir de 1943.<\/p>\n\n\n\n<figure class=\"wp-block-image size-full is-resized\"><img loading=\"lazy\" decoding=\"async\" width=\"700\" height=\"446\" src=\"https:\/\/edicionesmasqueoca.com\/diarios\/wp-content\/uploads\/2023\/12\/9f6eb51240f906dd4ed25f40172dc386_original.png\" alt=\"\" class=\"wp-image-7586\" style=\"width:840px;height:auto\" srcset=\"https:\/\/edicionesmasqueoca.com\/diarios\/wp-content\/uploads\/2023\/12\/9f6eb51240f906dd4ed25f40172dc386_original.png 700w, https:\/\/edicionesmasqueoca.com\/diarios\/wp-content\/uploads\/2023\/12\/9f6eb51240f906dd4ed25f40172dc386_original-300x191.png 300w\" sizes=\"(max-width: 700px) 100vw, 700px\" \/><\/figure>\n\n\n\n<p>Pero las caracter\u00edsticas de los generales no s\u00f3lo reflejan sus capacidades, sino las de la propia Wehrmacht en el momento en que estos dirigieron ej\u00e9rcitos y grupos de ej\u00e9rcitos. Es por ello que los generales que comienzan en 1939 tienden a tener habilidades m\u00e1s potentes y que se aplican cuando el bando del Eje es el atacante, mientras que los generales que entran en juego m\u00e1s tarde suelen tener habilidades menos decisivas y que suelen activarse cuando el bando del Eje es el defensor. Podr\u00eda decirse que von Rundstedt, von Bock y von Leeb se cuentan entre los generales con las habilidades m\u00e1s poderosas en ataque. Von Rundstedt a\u00f1ade un impacto a la tirada del Eje si el Eje ataca en llanura, von Bock cancela un resultado de impacto a\u00e9reo en la tirada aliada siempre que el Eje sea el atacante. Por \u00faltimo, el jugador que controla a von Leeb roba dos cartas de batalla y elige una de ellas para determinar cu\u00e1ntos dados se tiran por los aliados en la batalla, siempre que el Eje sea el atacante. Se trata de reglas que reflejan respectivamente la supremac\u00eda doctrinal, a\u00e9rea y operacional del Eje en los primeros a\u00f1os de la guerra, no s\u00f3lo las supuestas habilidades de estos tres generales, que comandaron los grupos de ej\u00e9rcito alemanes entre 1939 y finales de 1941 en Polonia, Francia y Rusia.<\/p>\n","protected":false},"excerpt":{"rendered":"<p>\u00a1Saludos, Comandante! El primer Stretch Goal ha sido desbloqueado y, gracias a ello, podremos incluir 4 nuevas cartas de General as\u00ed como sus propios marcadores asociados. El siguiente SG a desbloquear est\u00e1 muy cerca, \u00a1a menos de 3.000$ de conseguirse! Los peones de batalla ser\u00e1n sustituidos por cilindros de madera, cada uno de los cuales [&hellip;]<\/p>\n","protected":false},"author":2,"featured_media":7586,"comment_status":"open","ping_status":"open","sticky":false,"template":"","format":"standard","meta":{"_monsterinsights_skip_tracking":false,"_monsterinsights_sitenote_active":false,"_monsterinsights_sitenote_note":"","_monsterinsights_sitenote_category":0,"ocean_post_layout":"","ocean_both_sidebars_style":"","ocean_both_sidebars_content_width":0,"ocean_both_sidebars_sidebars_width":0,"ocean_sidebar":"","ocean_second_sidebar":"","ocean_disable_margins":"enable","ocean_add_body_class":"","ocean_shortcode_before_top_bar":"","ocean_shortcode_after_top_bar":"","ocean_shortcode_before_header":"","ocean_shortcode_after_header":"","ocean_has_shortcode":"","ocean_shortcode_after_title":"","ocean_shortcode_before_footer_widgets":"","ocean_shortcode_after_footer_widgets":"","ocean_shortcode_before_footer_bottom":"","ocean_shortcode_after_footer_bottom":"","ocean_display_top_bar":"default","ocean_display_header":"default","ocean_header_style":"","ocean_center_header_left_menu":"","ocean_custom_header_template":"","ocean_custom_logo":0,"ocean_custom_retina_logo":0,"ocean_custom_logo_max_width":0,"ocean_custom_logo_tablet_max_width":0,"ocean_custom_logo_mobile_max_width":0,"ocean_custom_logo_max_height":0,"ocean_custom_logo_tablet_max_height":0,"ocean_custom_logo_mobile_max_height":0,"ocean_header_custom_menu":"","ocean_menu_typo_font_family":"","ocean_menu_typo_font_subset":"","ocean_menu_typo_font_size":0,"ocean_menu_typo_font_size_tablet":0,"ocean_menu_typo_font_size_mobile":0,"ocean_menu_typo_font_size_unit":"px","ocean_menu_typo_font_weight":"","ocean_menu_typo_font_weight_tablet":"","ocean_menu_typo_font_weight_mobile":"","ocean_menu_typo_transform":"","ocean_menu_typo_transform_tablet":"","ocean_menu_typo_transform_mobile":"","ocean_menu_typo_line_height":0,"ocean_menu_typo_line_height_tablet":0,"ocean_menu_typo_line_height_mobile":0,"ocean_menu_typo_line_height_unit":"","ocean_menu_typo_spacing":0,"ocean_menu_typo_spacing_tablet":0,"ocean_menu_typo_spacing_mobile":0,"ocean_menu_typo_spacing_unit":"","ocean_menu_link_color":"","ocean_menu_link_color_hover":"","ocean_menu_link_color_active":"","ocean_menu_link_background":"","ocean_menu_link_hover_background":"","ocean_menu_link_active_background":"","ocean_menu_social_links_bg":"","ocean_menu_social_hover_links_bg":"","ocean_menu_social_links_color":"","ocean_menu_social_hover_links_color":"","ocean_disable_title":"default","ocean_disable_heading":"default","ocean_post_title":"","ocean_post_subheading":"","ocean_post_title_style":"","ocean_post_title_background_color":"","ocean_post_title_background":0,"ocean_post_title_bg_image_position":"","ocean_post_title_bg_image_attachment":"","ocean_post_title_bg_image_repeat":"","ocean_post_title_bg_image_size":"","ocean_post_title_height":0,"ocean_post_title_bg_overlay":0.5,"ocean_post_title_bg_overlay_color":"","ocean_disable_breadcrumbs":"default","ocean_breadcrumbs_color":"","ocean_breadcrumbs_separator_color":"","ocean_breadcrumbs_links_color":"","ocean_breadcrumbs_links_hover_color":"","ocean_display_footer_widgets":"default","ocean_display_footer_bottom":"default","ocean_custom_footer_template":"","ocean_post_oembed":"","ocean_post_self_hosted_media":"","ocean_post_video_embed":"","ocean_link_format":"","ocean_link_format_target":"self","ocean_quote_format":"","ocean_quote_format_link":"post","ocean_gallery_link_images":"off","ocean_gallery_id":[],"footnotes":""},"categories":[11],"tags":[],"class_list":["post-7575","post","type-post","status-publish","format-standard","has-post-thumbnail","hentry","category-elotroladodelacolina","entry","has-media"],"_links":{"self":[{"href":"https:\/\/edicionesmasqueoca.com\/diarios\/wp-json\/wp\/v2\/posts\/7575","targetHints":{"allow":["GET"]}}],"collection":[{"href":"https:\/\/edicionesmasqueoca.com\/diarios\/wp-json\/wp\/v2\/posts"}],"about":[{"href":"https:\/\/edicionesmasqueoca.com\/diarios\/wp-json\/wp\/v2\/types\/post"}],"author":[{"embeddable":true,"href":"https:\/\/edicionesmasqueoca.com\/diarios\/wp-json\/wp\/v2\/users\/2"}],"replies":[{"embeddable":true,"href":"https:\/\/edicionesmasqueoca.com\/diarios\/wp-json\/wp\/v2\/comments?post=7575"}],"version-history":[{"count":1,"href":"https:\/\/edicionesmasqueoca.com\/diarios\/wp-json\/wp\/v2\/posts\/7575\/revisions"}],"predecessor-version":[{"id":7587,"href":"https:\/\/edicionesmasqueoca.com\/diarios\/wp-json\/wp\/v2\/posts\/7575\/revisions\/7587"}],"wp:featuredmedia":[{"embeddable":true,"href":"https:\/\/edicionesmasqueoca.com\/diarios\/wp-json\/wp\/v2\/media\/7586"}],"wp:attachment":[{"href":"https:\/\/edicionesmasqueoca.com\/diarios\/wp-json\/wp\/v2\/media?parent=7575"}],"wp:term":[{"taxonomy":"category","embeddable":true,"href":"https:\/\/edicionesmasqueoca.com\/diarios\/wp-json\/wp\/v2\/categories?post=7575"},{"taxonomy":"post_tag","embeddable":true,"href":"https:\/\/edicionesmasqueoca.com\/diarios\/wp-json\/wp\/v2\/tags?post=7575"}],"curies":[{"name":"wp","href":"https:\/\/api.w.org\/{rel}","templated":true}]}}